{"id":515,"date":"2025-12-10T07:20:16","date_gmt":"2025-12-10T10:20:16","guid":{"rendered":"https:\/\/mag.forest.watch\/?p=515"},"modified":"2025-12-16T11:09:27","modified_gmt":"2025-12-16T14:09:27","slug":"o-custo-real-da-falta-de-dados","status":"publish","type":"post","link":"https:\/\/mag.forest.watch\/ar\/global\/o-custo-real-da-falta-de-dados\/","title":{"rendered":"O custo real da falta de dados"},"content":{"rendered":"<h2 class=\"wp-block-heading\"><mark style=\"background-color:rgba(0, 0, 0, 0)\" class=\"has-inline-color has-contrast-color\">Territ\u00f3rio, evid\u00eancia e o contexto t\u00e9cnico do EUDR<\/mark><\/h2>\n\n\n\n<h4 class=\"wp-block-heading\"><mark style=\"background-color:rgba(0, 0, 0, 0);color:#777777\" class=\"has-inline-color\">A informa\u00e7\u00e3o geogr\u00e1fica tornou-se um elemento estrutural da economia e condiciona decis\u00f5es regulat\u00f3rias e de mercado. O territ\u00f3rio influencia diretamente cadeias de abastecimento, auditorias e contratos. Quando a informa\u00e7\u00e3o \u00e9 insuficiente, cresce a incerteza operacional e ambiental, independentemente das datas definidas pelo acordo pol\u00edtico.<\/mark><\/h4>\n\n\n\n<h3 class=\"wp-block-heading\">Um novo calend\u00e1rio para cumprir<\/h3>\n\n\n\n<p>O acordo pol\u00edtico fixou novas datas: 30 de dezembro de 2026 para todos os operadores e 30 de junho de 2027 para micro e pequenas empresas. Introduziu simplifica\u00e7\u00f5es no processo de due diligence, concentrou responsabilidades no primeiro operador, criou declara\u00e7\u00f5es \u00fanicas para operadores pequenos e retirou impressos do escopo. A Comiss\u00e3o avaliar\u00e1 estas altera\u00e7\u00f5es at\u00e9 abril de 2026.<\/p>\n\n\n\n<h3 class=\"wp-block-heading\">A t\u00e9cnica permanece central<\/h3>\n\n\n\n<p>A conformidade exige informa\u00e7\u00e3o territorial estruturada e verific\u00e1vel. Validar pol\u00edgonos, garantir coer\u00eancia topol\u00f3gica, integrar sistemas oficiais e trabalhar com s\u00e9ries temporais requer m\u00e9todos consistentes. Esta abordagem permite observar press\u00f5es sobre vegeta\u00e7\u00e3o, acompanhar altera\u00e7\u00f5es graduais em \u00e1reas produtivas e compreender a trajet\u00f3ria ambiental de cada ativo.<\/p>\n\n\n\n<h3 class=\"wp-block-heading\">O mercado l\u00ea o territ\u00f3rio<\/h3>\n\n\n\n<p>Os mercados utilizam esta informa\u00e7\u00e3o para avaliar risco. A origem, a estabilidade do uso do solo e o hist\u00f3rico das \u00e1reas produtivas influenciam pre\u00e7os, contratos e acesso a segmentos regulados. Do ponto de vista ecol\u00f3gico, os mesmos dados revelam altera\u00e7\u00f5es com impacto em \u00e1gua, solo e biodiversidade, fatores relevantes para produtividade e resili\u00eancia clim\u00e1tica.<\/p>\n\n\n\n<h3 class=\"wp-block-heading\">Do sat\u00e9lite ao solo<\/h3>\n\n\n\n<p>A Forest Watch atua neste campo informativo. Observa\u00e7\u00e3o em Near Real Time acompanha a evolu\u00e7\u00e3o territorial. S\u00e9ries temporais distinguem tend\u00eancias estruturais de varia\u00e7\u00f5es sazonais. A descri\u00e7\u00e3o do ativo e o invent\u00e1rio f\u00edsico criam continuidade entre o que se observa remotamente e o que existe em campo. A verifica\u00e7\u00e3o jur\u00eddica articula estes elementos com padr\u00f5es reconhecidos por autoridades e mercados.<\/p>\n\n\n\n<p>O objetivo \u00e9 produzir conhecimento territorial fi\u00e1vel e cont\u00ednuo que sustente decis\u00f5es econ\u00f3micas, avalia\u00e7\u00f5es de impacto e prepara\u00e7\u00e3o para cumprimento das regras, independentemente do calend\u00e1rio final. Acompanhar o territ\u00f3rio de forma consistente permite relacionar din\u00e2micas ecol\u00f3gicas e comerciais numa base factual comum.<\/p>\n\n\n\n<p>A revis\u00e3o do EUDR alterou prazos, n\u00e3o a necessidade de documentar a evolu\u00e7\u00e3o do territ\u00f3rio. A informa\u00e7\u00e3o que o descreve tornou-se parte central da forma como mercados, autoridades e ecossistemas s\u00e3o compreendidos e geridos.<\/p>","protected":false},"excerpt":{"rendered":"<p>O novo acordo europeu adiou a aplica\u00e7\u00e3o do EUDR para 30 de dezembro de 2026, com prazo at\u00e9 junho de 2027 para micro e pequenas empresas. O calend\u00e1rio mudou, mas a din\u00e2mica do uso do solo n\u00e3o abranda. A evolu\u00e7\u00e3o territorial altera a disponibilidade de \u00e1reas produtivas, condiciona a verifica\u00e7\u00e3o de origem e influencia a avalia\u00e7\u00e3o de risco. Prepara\u00e7\u00e3o regulat\u00f3ria e decis\u00f5es comerciais dependem cada vez mais de observa\u00e7\u00e3o sistem\u00e1tica e dados territoriais coerentes.<\/p>","protected":false},"author":3,"featured_media":525,"comment_status":"open","ping_status":"open","sticky":false,"template":"","format":"standard","meta":{"footnotes":""},"categories":[22,20,54,1,23,10],"tags":[30,105,13,104],"class_list":["post-515","post","type-post","status-publish","format-standard","has-post-thumbnail","hentry","category-compliance","category-esg","category-europa","category-global","category-rastreabilidade","category-tecnologia","tag-crise-climatica","tag-esg","tag-monitoramento","tag-sustentabilidade"],"_links":{"self":[{"href":"https:\/\/mag.forest.watch\/ar\/wp-json\/wp\/v2\/posts\/515","targetHints":{"allow":["GET"]}}],"collection":[{"href":"https:\/\/mag.forest.watch\/ar\/wp-json\/wp\/v2\/posts"}],"about":[{"href":"https:\/\/mag.forest.watch\/ar\/wp-json\/wp\/v2\/types\/post"}],"author":[{"embeddable":true,"href":"https:\/\/mag.forest.watch\/ar\/wp-json\/wp\/v2\/users\/3"}],"replies":[{"embeddable":true,"href":"https:\/\/mag.forest.watch\/ar\/wp-json\/wp\/v2\/comments?post=515"}],"version-history":[{"count":2,"href":"https:\/\/mag.forest.watch\/ar\/wp-json\/wp\/v2\/posts\/515\/revisions"}],"predecessor-version":[{"id":517,"href":"https:\/\/mag.forest.watch\/ar\/wp-json\/wp\/v2\/posts\/515\/revisions\/517"}],"wp:featuredmedia":[{"embeddable":true,"href":"https:\/\/mag.forest.watch\/ar\/wp-json\/wp\/v2\/media\/525"}],"wp:attachment":[{"href":"https:\/\/mag.forest.watch\/ar\/wp-json\/wp\/v2\/media?parent=515"}],"wp:term":[{"taxonomy":"category","embeddable":true,"href":"https:\/\/mag.forest.watch\/ar\/wp-json\/wp\/v2\/categories?post=515"},{"taxonomy":"post_tag","embeddable":true,"href":"https:\/\/mag.forest.watch\/ar\/wp-json\/wp\/v2\/tags?post=515"}],"curies":[{"name":"wp","href":"https:\/\/api.w.org\/{rel}","templated":true}]}}